{"id":2763,"date":"2016-06-17T11:13:41","date_gmt":"2016-06-17T11:13:41","guid":{"rendered":"http:\/\/www.asimmetrie.org\/?p=2763"},"modified":"2024-02-09T17:15:19","modified_gmt":"2024-02-09T16:15:19","slug":"brexit-a-spaventare-la-ue-e-la-democrazia","status":"publish","type":"post","link":"https:\/\/asimmetrie.org\/en\/interventi\/op-ed\/brexit-a-spaventare-la-ue-e-la-democrazia\/","title":{"rendered":"Brexit, a spaventare la UE \u00e8 la democrazia"},"content":{"rendered":"<p><b><\/b>Mi \u00e8 stato chiesto di occuparmi di Brexit in 5000 caratteri. Compito arduo, non perch\u00e9 ci sia molto da dire: fatto salvo il legittimo desiderio di certi colleghi di dare i numeri, le cose da dire credo siano poche e semplici. Sono per\u00f2 dolorose per chi si ostini a credere nella democrazia. In effetti quello economico, nel caso della Brexit, \u00e8 veramente l\u2019ultimo dei problemi. Questo non perch\u00e9 l\u2019eventuale Brexit (secondo me improbabile) non abbia motivazioni e non avrebbe conseguenze anche di ordine economico, quanto perch\u00e9 il nodo fondamentale \u00e8 politico, e in questo ambito i danni sono gi\u00e0 stati fatti. Parto dall\u2019osservazione pi\u00f9 semplice: le stesse istituzioni, in qualche caso addirittura le stesse persone, che ci stanno prospettando sciagure inenarrabili in caso di uscita del Regno Unito dalla Ue, sono quelle che ci hanno promesso prosperit\u00e0 e pace grazie alla nostra adesione al progetto europeo. Un esempio per tutti: Donald Tusk, secondo cui la Brexit sarebbe \u201cla fine della civilt\u00e0 politica europea\u201d.<\/p>\n<p>Siamo di fronte alla forma pi\u00f9 esasperata del fenomeno descritto da Giandomenico Majone, professore emerito di Scienze politiche all\u2019Istituto Universitario Europeo, nel suo libro <i>Rethinking the union of Europe<\/i>: il passaggio dalla cultura politica dell\u2019ottimismo totale, quella che ha portato a negare nei Trattati l\u2019eventualit\u00e0 di una crisi, al suo contrario, la cultura della politica del catastrofismo totale, quella che, al verificarsi di una crisi, paralizza l\u2019azione dei governanti, scaricando i costi sui cittadini. Invertendone la polarit\u00e0 (da positiva a negativa) la demagogia non cambia: la prima vittima della Brexit \u00e8 la credibilit\u00e0 delle autorit\u00e0 europee, cos\u00ec caricaturali nel loro profetizzare sventure, che perfino Alesina e Giavazzi hanno sentito l\u2019esigenza di distanziarsi!<\/p>\n<p>Ma non finisce qui. Come saprete, l\u2019Unione europea si propone esplicitamente di costituire una unione monetaria fra tutti i paesi membri (art.2, comma 4 del Trattato di Lisbona). Saprete anche che mentre il Trattato di Maastricht non prevede l\u2019eventualit\u00e0 di uscita dall\u2019unione monetaria, il Trattato di Lisbona prevede, all\u2019art.50, il recesso di un paese membro dell\u2019Unione europea. Un aborto giuridico e politico, da cui \u00e8 per\u00f2 immune il Regno Unito, che non ha firmato il Trattato di Maastricht (lo evidenzio per quelli che parlano di uscita dell\u2019\u201cInghilterra\u201d dall\u2019euro).<\/p>\n<p>Il punto \u00e8 un altro: prendiamo per buona l\u2019ipotesi che l\u2019uscita di un paese dall\u2019Unione causi sconquassi epocali. Se cos\u00ec fosse, dovremmo concludere che il Trattato di Lisbona, in quanto prevede un\u2019eventualit\u00e0 tanto destabilizzante, \u00e8 il parto di una combriccola di incoscienti e andrebbe riscritto. Facciamo ora l\u2019ipotesi contraria, pi\u00f9 ragionevole: quella che dopo la Brexit il sole continuerebbe a sorgere, gli inglesi a comprare BMW, e i vassalli della Merkel a bere whisky (non sempre con moderazione, com\u2019\u00e8 noto). In questo caso staremmo assistendo allo spettacolo incivile e inquietante di istituzioni che, chiamate dal loro ruolo a garantire il rispetto dei Trattati, minacciano invece ritorsioni verso un paese perch\u00e9 questo intende esercitare un diritto che i Trattati sanciscono. Dalla Brexit Bruxelles esce comunque distrutta: o ha scritto un Trattato inapplicabile (vedi alla voce \u201cottimismo totale\u201d) o si rifiuta di applicarlo (celando le sue smanie totalitarie dietro la cortina fumogena del \u201ccatastrofismo totale\u201d). Ripeto: o Bruxelles ha sbagliato scrivendo male il Trattato, o sbaglia nell\u2019ostacolarne l\u2019applicazione. <i>Tertium non datur<\/i>. La seconda vittima della Brexit \u00e8 quindi la credibilit\u00e0 del progetto cosiddetto \u201ceuropeo\u201d. Quest\u2019ultimo si qualifica una volta di pi\u00f9 come profondamente eversivo dell\u2019ordine costituito, un insulto allo stato di diritto e alle norme basilari dell\u2019ordinamento internazionale, a partire dalla pi\u00f9 ovvia e universalmente nota: <i>pacta sunt servanda<\/i>.<\/p>\n<p>Qualcuno intuisce quale sia il vero nodo politico: consentire la Brexit creerebbe un precedente. Ma perch\u00e9 questo sarebbe tanto pericoloso? Perch\u00e9 quella di permettere di andarsene a chi lo desideri \u00e8 solo l\u2019ultima fra le tante promesse che Bruxelles ha fatto senza avere intenzione di mantenerle. Non ci ha dato \u201cprogresso economico e sociale\u201d, non ci ha dato \u201cun elevato livello di occupazione\u201d, e non intende nemmeno permetterci di cercarli autonomamente. Le tensioni secessioniste sono quindi inevitabili. Se l\u2019andazzo non cambier\u00e0 finir\u00e0 male per noi e peggio per Donald (Tusk) da Danzica, cui \u00e8 gi\u00e0 riservato un posticino accanto a Guido da Montefeltro: se lo \u00e8 meritato interpretando l\u2019art. 50 del Trattato di Lisbona come una \u201clunga promessa con l\u2019attender corto\u201d.<\/p>\n<p>Questo suo comportamento, non la Brexit, sta compromettendo la civilt\u00e0 politica occidentale. Tanto vi dovevo e (contare per credere) l\u2019ho contenuto in esattamente 5000 caratteri, perch\u00e9 <i>pacta sunt servanda<\/i>. Un esempio vale pi\u00f9 di due trattati, sopratutto quando nessuno vuole rispettarli!<\/p>\n<p><em>Alberto Bagnai\u00a0<\/em><br \/>\n<em> Il Fatto Quotidiano, 16 giugno 2016<\/em><\/p>\n","protected":false},"excerpt":{"rendered":"<p>Mi \u00e8 stato chiesto di occuparmi di Brexit in 5000 caratteri. Compito arduo, non perch\u00e9 ci sia molto da dire: fatto salvo il legittimo desiderio [&hellip;]<\/p>\n","protected":false},"author":1,"featured_media":0,"comment_status":"open","ping_status":"open","sticky":false,"template":"","format":"standard","meta":{"_acf_changed":false,"footnotes":""},"categories":[29],"tags":[63,245,292,302],"topic":[10,349],"expert":[15],"class_list":["post-2763","post","type-post","status-publish","format-standard","hentry","category-op-ed","tag-brexit","tag-regno-unito","tag-trattati-europei","tag-unione-europea","topic-unione-europea","topic-brexit","expert-alberto-bagnai"],"acf":[],"yoast_head":"<!-- This site is optimized with the Yoast SEO plugin v27.4 - https:\/\/yoast.com\/product\/yoast-seo-wordpress\/ -->\n<title>Brexit, a spaventare la UE \u00e8 la democrazia &#8211; a\/simmetrie<\/title>\n<meta name=\"robots\" content=\"index, follow, max-snippet:-1, max-image-preview:large, max-video-preview:-1\" \/>\n<link rel=\"canonical\" href=\"https:\/\/asimmetrie.org\/en\/interventi\/op-ed\/brexit-a-spaventare-la-ue-e-la-democrazia\/\" \/>\n<meta property=\"og:locale\" content=\"en_US\" \/>\n<meta property=\"og:type\" content=\"article\" \/>\n<meta property=\"og:title\" content=\"Brexit, a spaventare la UE \u00e8 la democrazia &#8211; a\/simmetrie\" \/>\n<meta property=\"og:description\" content=\"Mi \u00e8 stato chiesto di occuparmi di Brexit in 5000 caratteri. Compito arduo, non perch\u00e9 ci sia molto da dire: fatto salvo il legittimo desiderio [&hellip;]\" \/>\n<meta property=\"og:url\" content=\"https:\/\/asimmetrie.org\/en\/interventi\/op-ed\/brexit-a-spaventare-la-ue-e-la-democrazia\/\" \/>\n<meta property=\"og:site_name\" content=\"a\/simmetrie\" \/>\n<meta property=\"article:publisher\" content=\"https:\/\/www.facebook.com\/asimmetrie.org\" \/>\n<meta property=\"article:published_time\" content=\"2016-06-17T11:13:41+00:00\" \/>\n<meta property=\"article:modified_time\" content=\"2024-02-09T16:15:19+00:00\" \/>\n<meta property=\"og:image\" content=\"https:\/\/asimmetrie.org\/wp-content\/uploads\/2021\/05\/post-social-1.png\" \/>\n\t<meta property=\"og:image:width\" content=\"1200\" \/>\n\t<meta property=\"og:image:height\" content=\"630\" \/>\n\t<meta property=\"og:image:type\" content=\"image\/png\" \/>\n<meta name=\"author\" content=\"asimmetrie\" \/>\n<meta name=\"twitter:card\" content=\"summary_large_image\" \/>\n<meta name=\"twitter:creator\" content=\"@AsimmetrieOrg\" \/>\n<meta name=\"twitter:site\" content=\"@AsimmetrieOrg\" \/>\n<meta name=\"twitter:label1\" content=\"Written by\" \/>\n\t<meta name=\"twitter:data1\" content=\"asimmetrie\" \/>\n\t<meta name=\"twitter:label2\" content=\"Est. reading time\" \/>\n\t<meta name=\"twitter:data2\" content=\"4 minutes\" \/>\n<script type=\"application\/ld+json\" class=\"yoast-schema-graph\">{\"@context\":\"https:\\\/\\\/schema.org\",\"@graph\":[{\"@type\":\"Article\",\"@id\":\"https:\\\/\\\/asimmetrie.org\\\/en\\\/interventi\\\/op-ed\\\/brexit-a-spaventare-la-ue-e-la-democrazia\\\/#article\",\"isPartOf\":{\"@id\":\"https:\\\/\\\/asimmetrie.org\\\/en\\\/interventi\\\/op-ed\\\/brexit-a-spaventare-la-ue-e-la-democrazia\\\/\"},\"author\":{\"name\":\"asimmetrie\",\"@id\":\"https:\\\/\\\/asimmetrie.org\\\/en\\\/#\\\/schema\\\/person\\\/3d35cd733decaeb4b7cd17a01535ae64\"},\"headline\":\"Brexit, a spaventare la UE \u00e8 la democrazia\",\"datePublished\":\"2016-06-17T11:13:41+00:00\",\"dateModified\":\"2024-02-09T16:15:19+00:00\",\"mainEntityOfPage\":{\"@id\":\"https:\\\/\\\/asimmetrie.org\\\/en\\\/interventi\\\/op-ed\\\/brexit-a-spaventare-la-ue-e-la-democrazia\\\/\"},\"wordCount\":770,\"commentCount\":0,\"publisher\":{\"@id\":\"https:\\\/\\\/asimmetrie.org\\\/en\\\/#organization\"},\"keywords\":[\"Brexit\",\"Regno Unito\",\"Trattati europei\",\"Unione Europea\"],\"articleSection\":[\"Editoriali\"],\"inLanguage\":\"en-US\",\"potentialAction\":[{\"@type\":\"CommentAction\",\"name\":\"Comment\",\"target\":[\"https:\\\/\\\/asimmetrie.org\\\/en\\\/interventi\\\/op-ed\\\/brexit-a-spaventare-la-ue-e-la-democrazia\\\/#respond\"]}]},{\"@type\":\"WebPage\",\"@id\":\"https:\\\/\\\/asimmetrie.org\\\/en\\\/interventi\\\/op-ed\\\/brexit-a-spaventare-la-ue-e-la-democrazia\\\/\",\"url\":\"https:\\\/\\\/asimmetrie.org\\\/en\\\/interventi\\\/op-ed\\\/brexit-a-spaventare-la-ue-e-la-democrazia\\\/\",\"name\":\"Brexit, a spaventare la UE \u00e8 la democrazia &#8211; a\\\/simmetrie\",\"isPartOf\":{\"@id\":\"https:\\\/\\\/asimmetrie.org\\\/en\\\/#website\"},\"datePublished\":\"2016-06-17T11:13:41+00:00\",\"dateModified\":\"2024-02-09T16:15:19+00:00\",\"breadcrumb\":{\"@id\":\"https:\\\/\\\/asimmetrie.org\\\/en\\\/interventi\\\/op-ed\\\/brexit-a-spaventare-la-ue-e-la-democrazia\\\/#breadcrumb\"},\"inLanguage\":\"en-US\",\"potentialAction\":[{\"@type\":\"ReadAction\",\"target\":[\"https:\\\/\\\/asimmetrie.org\\\/en\\\/interventi\\\/op-ed\\\/brexit-a-spaventare-la-ue-e-la-democrazia\\\/\"]}]},{\"@type\":\"BreadcrumbList\",\"@id\":\"https:\\\/\\\/asimmetrie.org\\\/en\\\/interventi\\\/op-ed\\\/brexit-a-spaventare-la-ue-e-la-democrazia\\\/#breadcrumb\",\"itemListElement\":[{\"@type\":\"ListItem\",\"position\":1,\"name\":\"Home\",\"item\":\"https:\\\/\\\/asimmetrie.org\\\/en\\\/\"},{\"@type\":\"ListItem\",\"position\":2,\"name\":\"Brexit, a spaventare la UE \u00e8 la democrazia\"}]},{\"@type\":\"WebSite\",\"@id\":\"https:\\\/\\\/asimmetrie.org\\\/en\\\/#website\",\"url\":\"https:\\\/\\\/asimmetrie.org\\\/en\\\/\",\"name\":\"a\\\/simmetrie\",\"description\":\"Sito dell\u2019associazione di promozione sociale a\\\/simmetrie, think tank economico e politico.\",\"publisher\":{\"@id\":\"https:\\\/\\\/asimmetrie.org\\\/en\\\/#organization\"},\"potentialAction\":[{\"@type\":\"SearchAction\",\"target\":{\"@type\":\"EntryPoint\",\"urlTemplate\":\"https:\\\/\\\/asimmetrie.org\\\/en\\\/?s={search_term_string}\"},\"query-input\":{\"@type\":\"PropertyValueSpecification\",\"valueRequired\":true,\"valueName\":\"search_term_string\"}}],\"inLanguage\":\"en-US\"},{\"@type\":\"Organization\",\"@id\":\"https:\\\/\\\/asimmetrie.org\\\/en\\\/#organization\",\"name\":\"a\\\/simmetrie\",\"url\":\"https:\\\/\\\/asimmetrie.org\\\/en\\\/\",\"logo\":{\"@type\":\"ImageObject\",\"inLanguage\":\"en-US\",\"@id\":\"https:\\\/\\\/asimmetrie.org\\\/en\\\/#\\\/schema\\\/logo\\\/image\\\/\",\"url\":\"https:\\\/\\\/mk0asimmetrieaf22hhp.kinstacdn.com\\\/wp-content\\\/uploads\\\/2021\\\/05\\\/post-social-1.png\",\"contentUrl\":\"https:\\\/\\\/mk0asimmetrieaf22hhp.kinstacdn.com\\\/wp-content\\\/uploads\\\/2021\\\/05\\\/post-social-1.png\",\"width\":1200,\"height\":630,\"caption\":\"a\\\/simmetrie\"},\"image\":{\"@id\":\"https:\\\/\\\/asimmetrie.org\\\/en\\\/#\\\/schema\\\/logo\\\/image\\\/\"},\"sameAs\":[\"https:\\\/\\\/www.facebook.com\\\/asimmetrie.org\",\"https:\\\/\\\/x.com\\\/AsimmetrieOrg\",\"https:\\\/\\\/www.youtube.com\\\/user\\\/asimmetrie\"]},{\"@type\":\"Person\",\"@id\":\"https:\\\/\\\/asimmetrie.org\\\/en\\\/#\\\/schema\\\/person\\\/3d35cd733decaeb4b7cd17a01535ae64\",\"name\":\"asimmetrie\",\"image\":{\"@type\":\"ImageObject\",\"inLanguage\":\"en-US\",\"@id\":\"https:\\\/\\\/secure.gravatar.com\\\/avatar\\\/e47973adf0a82aa374d77cae0277dbd02da02e07f361dea2d8c79ff949beb0ff?s=96&d=mm&r=g\",\"url\":\"https:\\\/\\\/secure.gravatar.com\\\/avatar\\\/e47973adf0a82aa374d77cae0277dbd02da02e07f361dea2d8c79ff949beb0ff?s=96&d=mm&r=g\",\"contentUrl\":\"https:\\\/\\\/secure.gravatar.com\\\/avatar\\\/e47973adf0a82aa374d77cae0277dbd02da02e07f361dea2d8c79ff949beb0ff?s=96&d=mm&r=g\",\"caption\":\"asimmetrie\"},\"sameAs\":[\"https:\\\/\\\/asimmetrie.org\"],\"url\":\"https:\\\/\\\/asimmetrie.org\\\/en\\\/interventi\\\/author\\\/asimmetrie\\\/\"}]}<\/script>\n<!-- \/ Yoast SEO plugin. -->","yoast_head_json":{"title":"Brexit, a spaventare la UE \u00e8 la democrazia &#8211; a\/simmetrie","robots":{"index":"index","follow":"follow","max-snippet":"max-snippet:-1","max-image-preview":"max-image-preview:large","max-video-preview":"max-video-preview:-1"},"canonical":"https:\/\/asimmetrie.org\/en\/interventi\/op-ed\/brexit-a-spaventare-la-ue-e-la-democrazia\/","og_locale":"en_US","og_type":"article","og_title":"Brexit, a spaventare la UE \u00e8 la democrazia &#8211; a\/simmetrie","og_description":"Mi \u00e8 stato chiesto di occuparmi di Brexit in 5000 caratteri. Compito arduo, non perch\u00e9 ci sia molto da dire: fatto salvo il legittimo desiderio [&hellip;]","og_url":"https:\/\/asimmetrie.org\/en\/interventi\/op-ed\/brexit-a-spaventare-la-ue-e-la-democrazia\/","og_site_name":"a\/simmetrie","article_publisher":"https:\/\/www.facebook.com\/asimmetrie.org","article_published_time":"2016-06-17T11:13:41+00:00","article_modified_time":"2024-02-09T16:15:19+00:00","og_image":[{"width":1200,"height":630,"url":"https:\/\/asimmetrie.org\/wp-content\/uploads\/2021\/05\/post-social-1.png","type":"image\/png"}],"author":"asimmetrie","twitter_card":"summary_large_image","twitter_creator":"@AsimmetrieOrg","twitter_site":"@AsimmetrieOrg","twitter_misc":{"Written by":"asimmetrie","Est. reading time":"4 minutes"},"schema":{"@context":"https:\/\/schema.org","@graph":[{"@type":"Article","@id":"https:\/\/asimmetrie.org\/en\/interventi\/op-ed\/brexit-a-spaventare-la-ue-e-la-democrazia\/#article","isPartOf":{"@id":"https:\/\/asimmetrie.org\/en\/interventi\/op-ed\/brexit-a-spaventare-la-ue-e-la-democrazia\/"},"author":{"name":"asimmetrie","@id":"https:\/\/asimmetrie.org\/en\/#\/schema\/person\/3d35cd733decaeb4b7cd17a01535ae64"},"headline":"Brexit, a spaventare la UE \u00e8 la democrazia","datePublished":"2016-06-17T11:13:41+00:00","dateModified":"2024-02-09T16:15:19+00:00","mainEntityOfPage":{"@id":"https:\/\/asimmetrie.org\/en\/interventi\/op-ed\/brexit-a-spaventare-la-ue-e-la-democrazia\/"},"wordCount":770,"commentCount":0,"publisher":{"@id":"https:\/\/asimmetrie.org\/en\/#organization"},"keywords":["Brexit","Regno Unito","Trattati europei","Unione Europea"],"articleSection":["Editoriali"],"inLanguage":"en-US","potentialAction":[{"@type":"CommentAction","name":"Comment","target":["https:\/\/asimmetrie.org\/en\/interventi\/op-ed\/brexit-a-spaventare-la-ue-e-la-democrazia\/#respond"]}]},{"@type":"WebPage","@id":"https:\/\/asimmetrie.org\/en\/interventi\/op-ed\/brexit-a-spaventare-la-ue-e-la-democrazia\/","url":"https:\/\/asimmetrie.org\/en\/interventi\/op-ed\/brexit-a-spaventare-la-ue-e-la-democrazia\/","name":"Brexit, a spaventare la UE \u00e8 la democrazia &#8211; a\/simmetrie","isPartOf":{"@id":"https:\/\/asimmetrie.org\/en\/#website"},"datePublished":"2016-06-17T11:13:41+00:00","dateModified":"2024-02-09T16:15:19+00:00","breadcrumb":{"@id":"https:\/\/asimmetrie.org\/en\/interventi\/op-ed\/brexit-a-spaventare-la-ue-e-la-democrazia\/#breadcrumb"},"inLanguage":"en-US","potentialAction":[{"@type":"ReadAction","target":["https:\/\/asimmetrie.org\/en\/interventi\/op-ed\/brexit-a-spaventare-la-ue-e-la-democrazia\/"]}]},{"@type":"BreadcrumbList","@id":"https:\/\/asimmetrie.org\/en\/interventi\/op-ed\/brexit-a-spaventare-la-ue-e-la-democrazia\/#breadcrumb","itemListElement":[{"@type":"ListItem","position":1,"name":"Home","item":"https:\/\/asimmetrie.org\/en\/"},{"@type":"ListItem","position":2,"name":"Brexit, a spaventare la UE \u00e8 la democrazia"}]},{"@type":"WebSite","@id":"https:\/\/asimmetrie.org\/en\/#website","url":"https:\/\/asimmetrie.org\/en\/","name":"a\/simmetrie","description":"Sito dell\u2019associazione di promozione sociale a\/simmetrie, think tank economico e politico.","publisher":{"@id":"https:\/\/asimmetrie.org\/en\/#organization"},"potentialAction":[{"@type":"SearchAction","target":{"@type":"EntryPoint","urlTemplate":"https:\/\/asimmetrie.org\/en\/?s={search_term_string}"},"query-input":{"@type":"PropertyValueSpecification","valueRequired":true,"valueName":"search_term_string"}}],"inLanguage":"en-US"},{"@type":"Organization","@id":"https:\/\/asimmetrie.org\/en\/#organization","name":"a\/simmetrie","url":"https:\/\/asimmetrie.org\/en\/","logo":{"@type":"ImageObject","inLanguage":"en-US","@id":"https:\/\/asimmetrie.org\/en\/#\/schema\/logo\/image\/","url":"https:\/\/mk0asimmetrieaf22hhp.kinstacdn.com\/wp-content\/uploads\/2021\/05\/post-social-1.png","contentUrl":"https:\/\/mk0asimmetrieaf22hhp.kinstacdn.com\/wp-content\/uploads\/2021\/05\/post-social-1.png","width":1200,"height":630,"caption":"a\/simmetrie"},"image":{"@id":"https:\/\/asimmetrie.org\/en\/#\/schema\/logo\/image\/"},"sameAs":["https:\/\/www.facebook.com\/asimmetrie.org","https:\/\/x.com\/AsimmetrieOrg","https:\/\/www.youtube.com\/user\/asimmetrie"]},{"@type":"Person","@id":"https:\/\/asimmetrie.org\/en\/#\/schema\/person\/3d35cd733decaeb4b7cd17a01535ae64","name":"asimmetrie","image":{"@type":"ImageObject","inLanguage":"en-US","@id":"https:\/\/secure.gravatar.com\/avatar\/e47973adf0a82aa374d77cae0277dbd02da02e07f361dea2d8c79ff949beb0ff?s=96&d=mm&r=g","url":"https:\/\/secure.gravatar.com\/avatar\/e47973adf0a82aa374d77cae0277dbd02da02e07f361dea2d8c79ff949beb0ff?s=96&d=mm&r=g","contentUrl":"https:\/\/secure.gravatar.com\/avatar\/e47973adf0a82aa374d77cae0277dbd02da02e07f361dea2d8c79ff949beb0ff?s=96&d=mm&r=g","caption":"asimmetrie"},"sameAs":["https:\/\/asimmetrie.org"],"url":"https:\/\/asimmetrie.org\/en\/interventi\/author\/asimmetrie\/"}]}},"_links":{"self":[{"href":"https:\/\/asimmetrie.org\/en\/wp-json\/wp\/v2\/posts\/2763","targetHints":{"allow":["GET"]}}],"collection":[{"href":"https:\/\/asimmetrie.org\/en\/wp-json\/wp\/v2\/posts"}],"about":[{"href":"https:\/\/asimmetrie.org\/en\/wp-json\/wp\/v2\/types\/post"}],"author":[{"embeddable":true,"href":"https:\/\/asimmetrie.org\/en\/wp-json\/wp\/v2\/users\/1"}],"replies":[{"embeddable":true,"href":"https:\/\/asimmetrie.org\/en\/wp-json\/wp\/v2\/comments?post=2763"}],"version-history":[{"count":4,"href":"https:\/\/asimmetrie.org\/en\/wp-json\/wp\/v2\/posts\/2763\/revisions"}],"predecessor-version":[{"id":9469,"href":"https:\/\/asimmetrie.org\/en\/wp-json\/wp\/v2\/posts\/2763\/revisions\/9469"}],"wp:attachment":[{"href":"https:\/\/asimmetrie.org\/en\/wp-json\/wp\/v2\/media?parent=2763"}],"wp:term":[{"taxonomy":"category","embeddable":true,"href":"https:\/\/asimmetrie.org\/en\/wp-json\/wp\/v2\/categories?post=2763"},{"taxonomy":"post_tag","embeddable":true,"href":"https:\/\/asimmetrie.org\/en\/wp-json\/wp\/v2\/tags?post=2763"},{"taxonomy":"topic","embeddable":true,"href":"https:\/\/asimmetrie.org\/en\/wp-json\/wp\/v2\/topic?post=2763"},{"taxonomy":"expert","embeddable":true,"href":"https:\/\/asimmetrie.org\/en\/wp-json\/wp\/v2\/expert?post=2763"}],"curies":[{"name":"wp","href":"https:\/\/api.w.org\/{rel}","templated":true}]}}