{"id":3128,"date":"2017-02-27T10:55:35","date_gmt":"2017-02-27T09:55:35","guid":{"rendered":"http:\/\/www.asimmetrie.org\/?p=3128"},"modified":"2024-02-05T13:49:52","modified_gmt":"2024-02-05T12:49:52","slug":"ma-in-italia-la-ripresa-non-ce-ancora","status":"publish","type":"post","link":"https:\/\/asimmetrie.org\/en\/interventi\/op-ed\/ma-in-italia-la-ripresa-non-ce-ancora\/","title":{"rendered":"Ma in Italia la ripresa non c&#8217;\u00e8 ancora"},"content":{"rendered":"<p><!--more--><\/p>\n<p>L&#8217;andamento generale dei prezzi \u00e8 uno dei segnali pi\u00f9 chiari e pi\u00f9 precisi dello stato di salute di un&#8217;economia. Se i prezzi corrono, vuol dire che l\u2019economia tira, e che le imprese faticano a tenere il passo con la domanda. In questi casi c\u2019\u00e8 semmai da temere che cominci una rincorsa fra i prezzi ed i costi che faccia salire di colpo i tassi di interesse e che prepari una crisi improvvisa. Per questo, quando nacque l\u2019euro, si decise che la Banca Centrale Europea avesse, per statuto, il compito di evitare l&#8217;inflazione.<\/p>\n<p>Ma, oltre al problema della febbre dei prezzi, c\u2019\u00e8 anche il problema opposto e cio\u00e8 che i prezzi siano fermi o addirittura calanti. Questo non \u00e8 il segno di salute, al contrario \u00e8 il segno che l&#8217;economia \u00e8 debole, e che la produzione tende a superare la domanda. Quando \u00e8 cos\u00ec, i prezzi scendono, ma le imprese falliscono e soprattutto scende l\u2019occupazione. E, come c&#8217;\u00e8 il rischio di una rincorsa fra prezzi e costi in salita, cos\u00ec c&#8217;\u00e8 il rischio altrettanto grave, se non addirittura pi\u00f9 grave, di una rincorsa in discesa in cui i prezzi scendono, le imprese chiudono e la disoccupazione aumenta. L&#8217;Europa (e l&#8217;Italia) sono in questa seconda situazione da molti, da troppi, anni.<\/p>\n<p>Dopo il 2008, per anni, l\u2019Europa ha finto di non vedere e continua ancora cos\u00ec. Anche la Banca Centrale Europea ha fatto a lungo finta di non vedere questo problema. Finalmente, con Draghi, la Bce ha riconosciuto che il suo obbligo statutario di mantenere stabili i prezzi vale sia quando i prezzi crescono, ma anche quando i prezzi scendono. Per questo, a partire dal 2012, la Banca Centrale Europea si \u00e8 impegnata a sostenere ripresa dell&#8217;economia dell&#8217;eurozona, abbassando i tassi d&#8217;interesse e tenendoli bassi con l\u2019acquisto di enormi quantit\u00e0 di titoli pubblici. Fino a quando? Fin quando i prezzi cominceranno a crescere su base annua fra l\u20191% e il 2%, perch\u00e9 questo vorr\u00e0 dire che finalmente l\u2019economia \u00e8 ripartita, anche se senza febbre da inflazione.<\/p>\n<p>A che punto stiamo? Se si guardano i dati diffusi oggi da Eurostat per il mese di gennaio del 2017, si potrebbe avere l\u2019impressione che qualcosa si stia muovendo e che siamo sulla strada della ripresa. L\u2019indice medio segna un aumento dell\u20191,8% e perfino in Italia si \u00e8 registrato un aumento dell\u20191%. Ma se si guarda alle ragioni di questa fiammata o meglio a questa \u00abfiammatina\u00bb dei prezzi, si vede che essa non riflette tanto la ripresa interna, ma fattori esterni, in particolare l&#8217;aumento, dopo molti anni, dei prezzi del petrolio e, per l\u2019Italia, l&#8217;aumento dei prezzi di alcuni prodotti alimentari resi scarsi dalle particolari condizioni climatiche del mese di gennaio.<\/p>\n<p>Non bisogna quindi illudersi che l\u2019indice dei prezzi indichi una ripresa economica dell\u2019eurozona e tanto meno dell\u2019Italia. In realt\u00e0 non ci siamo, n\u00e9 in Europa, n\u00e9 tanto meno in Italia. La crescita \u00e8 debole in Europa; \u00e8 ancora praticamente nulla in Italia. Ma non c\u2019\u00e8 da sorprendersi: la logica europea che mette in testa a tutto il pareggio del bilancio esclude ogni sostegno fiscale alla ripresa. E se \u00e8 cos\u00ec, come pu\u00f2 ripartire la crescita? Qualcuno che insegna nell&#8217;empireo dell&#8217;Universit\u00e0 Bocconi continua a pensare (ed a scrivere) che il diritto di licenziare a piacimento sia un incentivo alla crescita degli investimenti (Corriere della Sera di ieri). Ma su questo avrebbe avuto di che riflettere in base all\u2019esperienza italiana di questi anni e soprattutto alla condizione del Mezzogiorno.<\/p>\n<p>L&#8217;Italia \u00e8 ancora all&#8217;anno zero della ripresa, mentre l&#8217;Europa insiste nella richiesta di ridurre ulteriormente il deficit; laddove, se essa avesse buon senso, dovrebbe chiedere, non di tagliare il deficit, ma di fare spese pubbliche ben fatte. Dunque, dal momento che l&#8217;aumento dei prezzi non dipende dalla ripresa economica, ma da fattori esterni o da movimenti momentanei, bisogna che la Bce continui nella sua politica. Ma il rischio \u00e8 che questa fiammata o fiammatina dei prezzi europei rafforzi le richieste tedesche di concludere in fretta con il QE, cio\u00e8 con l&#8217;acquisto dei titoli pubblici e che la Bce favorisca l&#8217;aumento dei tassi d&#8217;interesse.<\/p>\n<p>\u00c8 chiaro da molti anni che i nostri interessi divergono profondamente da quelli della Germania, ma oggi questa discussione dovrebbe aprire gli occhi a tutti. Con il 4% di disoccupazione, la Germania non ha bisogno di alcun ulteriore stimolo agli investimenti. Al contrario \u00e8 pronta a tassi di interesse pi\u00f9 alti ed anche a un tasso di cambio gi\u00f9 alto rispetto al dollaro. Oltretutto, con tassi di interesse pi\u00f9 alti, potrebbero rimpinguare un po&#8217; i bilanci delle loro banche che sono mal gestite quanto quelle italiane e forse di pi\u00f9. Le banche tedesche non vedono l&#8217;ora di scaricare sui consumatori il costo del proprio risanamento.<\/p>\n<p>Ma noi? Se i tassi d\u2019interesse ripartono, avremo non solo minori stimoli alla ripresa, ma ancora maggiori problemi con il debito pubblico. Dovremmo resistere alla richiesta rivolta alla Bce di alzare i tassi di interesse. Per la Germania, tassi pi\u00f9 alti e un euro pi\u00f9 alto non sono un problema. Per noi sono problemi drammatici, che si aggiungono a una situazione difficilissima lasciata senza risposta da troppo tempo.<\/p>\n<p>Come si vede, la moneta unica \u00e8 un matrimonio male assortito fra Paesi che hanno esigenze economiche e problemi fra loro molto diversi. Per ora Draghi \u00e8 riuscito nel difficile miracolo di individuare una linea che in qualche modo soddisfacesse o scontentasse in misura eguale gli uni come gli altri. Ma ora i nodi vengono al pettine. E l&#8217;Italia vede in questi giorni la crisi del partito che ha costituito in questi anni il perno del Governo. Per questo gli interrogativi si fanno pi\u00f9 angosciosi.<\/p>\n<p><em>Giorgio La Malfa<\/em><br \/>\n<em> Il Mattino, 23 febbraio 2017<\/em><\/p>\n","protected":false},"excerpt":{"rendered":"","protected":false},"author":1,"featured_media":0,"comment_status":"open","ping_status":"open","sticky":false,"template":"","format":"standard","meta":{"_acf_changed":false,"footnotes":""},"categories":[29],"tags":[57,116],"topic":[9,344],"expert":[489],"class_list":["post-3128","post","type-post","status-publish","format-standard","hentry","category-op-ed","tag-bce","tag-eurozona","topic-eurozona","topic-bce","expert-giorgio-la-malfa"],"acf":[],"yoast_head":"<!-- This site is optimized with the Yoast SEO plugin v27.5 - https:\/\/yoast.com\/product\/yoast-seo-wordpress\/ -->\n<title>Ma in Italia la ripresa non c&#039;\u00e8 ancora &#8211; a\/simmetrie<\/title>\n<meta name=\"robots\" content=\"index, follow, max-snippet:-1, max-image-preview:large, max-video-preview:-1\" \/>\n<link rel=\"canonical\" href=\"https:\/\/asimmetrie.org\/en\/interventi\/op-ed\/ma-in-italia-la-ripresa-non-ce-ancora\/\" \/>\n<meta property=\"og:locale\" content=\"en_US\" \/>\n<meta property=\"og:type\" content=\"article\" \/>\n<meta property=\"og:title\" content=\"Ma in Italia la ripresa non c&#039;\u00e8 ancora &#8211; a\/simmetrie\" \/>\n<meta property=\"og:url\" content=\"https:\/\/asimmetrie.org\/en\/interventi\/op-ed\/ma-in-italia-la-ripresa-non-ce-ancora\/\" \/>\n<meta property=\"og:site_name\" content=\"a\/simmetrie\" \/>\n<meta property=\"article:publisher\" content=\"https:\/\/www.facebook.com\/asimmetrie.org\" \/>\n<meta property=\"article:published_time\" content=\"2017-02-27T09:55:35+00:00\" \/>\n<meta property=\"article:modified_time\" content=\"2024-02-05T12:49:52+00:00\" \/>\n<meta property=\"og:image\" content=\"https:\/\/asimmetrie.org\/wp-content\/uploads\/2021\/05\/post-social-1.png\" \/>\n\t<meta property=\"og:image:width\" content=\"1200\" \/>\n\t<meta property=\"og:image:height\" content=\"630\" \/>\n\t<meta property=\"og:image:type\" content=\"image\/png\" \/>\n<meta name=\"author\" content=\"asimmetrie\" \/>\n<meta name=\"twitter:card\" content=\"summary_large_image\" \/>\n<meta name=\"twitter:creator\" content=\"@AsimmetrieOrg\" \/>\n<meta name=\"twitter:site\" content=\"@AsimmetrieOrg\" \/>\n<meta name=\"twitter:label1\" content=\"Written by\" \/>\n\t<meta name=\"twitter:data1\" content=\"asimmetrie\" \/>\n\t<meta name=\"twitter:label2\" content=\"Est. reading time\" \/>\n\t<meta name=\"twitter:data2\" content=\"5 minutes\" \/>\n<script type=\"application\/ld+json\" class=\"yoast-schema-graph\">{\"@context\":\"https:\\\/\\\/schema.org\",\"@graph\":[{\"@type\":\"Article\",\"@id\":\"https:\\\/\\\/asimmetrie.org\\\/en\\\/interventi\\\/op-ed\\\/ma-in-italia-la-ripresa-non-ce-ancora\\\/#article\",\"isPartOf\":{\"@id\":\"https:\\\/\\\/asimmetrie.org\\\/en\\\/interventi\\\/op-ed\\\/ma-in-italia-la-ripresa-non-ce-ancora\\\/\"},\"author\":{\"name\":\"asimmetrie\",\"@id\":\"https:\\\/\\\/asimmetrie.org\\\/en\\\/#\\\/schema\\\/person\\\/3d35cd733decaeb4b7cd17a01535ae64\"},\"headline\":\"Ma in Italia la ripresa non c&#8217;\u00e8 ancora\",\"datePublished\":\"2017-02-27T09:55:35+00:00\",\"dateModified\":\"2024-02-05T12:49:52+00:00\",\"mainEntityOfPage\":{\"@id\":\"https:\\\/\\\/asimmetrie.org\\\/en\\\/interventi\\\/op-ed\\\/ma-in-italia-la-ripresa-non-ce-ancora\\\/\"},\"wordCount\":961,\"commentCount\":0,\"publisher\":{\"@id\":\"https:\\\/\\\/asimmetrie.org\\\/en\\\/#organization\"},\"keywords\":[\"BCE\",\"Eurozona\"],\"articleSection\":[\"Editoriali\"],\"inLanguage\":\"en-US\",\"potentialAction\":[{\"@type\":\"CommentAction\",\"name\":\"Comment\",\"target\":[\"https:\\\/\\\/asimmetrie.org\\\/en\\\/interventi\\\/op-ed\\\/ma-in-italia-la-ripresa-non-ce-ancora\\\/#respond\"]}]},{\"@type\":\"WebPage\",\"@id\":\"https:\\\/\\\/asimmetrie.org\\\/en\\\/interventi\\\/op-ed\\\/ma-in-italia-la-ripresa-non-ce-ancora\\\/\",\"url\":\"https:\\\/\\\/asimmetrie.org\\\/en\\\/interventi\\\/op-ed\\\/ma-in-italia-la-ripresa-non-ce-ancora\\\/\",\"name\":\"Ma in Italia la ripresa non c'\u00e8 ancora &#8211; a\\\/simmetrie\",\"isPartOf\":{\"@id\":\"https:\\\/\\\/asimmetrie.org\\\/en\\\/#website\"},\"datePublished\":\"2017-02-27T09:55:35+00:00\",\"dateModified\":\"2024-02-05T12:49:52+00:00\",\"breadcrumb\":{\"@id\":\"https:\\\/\\\/asimmetrie.org\\\/en\\\/interventi\\\/op-ed\\\/ma-in-italia-la-ripresa-non-ce-ancora\\\/#breadcrumb\"},\"inLanguage\":\"en-US\",\"potentialAction\":[{\"@type\":\"ReadAction\",\"target\":[\"https:\\\/\\\/asimmetrie.org\\\/en\\\/interventi\\\/op-ed\\\/ma-in-italia-la-ripresa-non-ce-ancora\\\/\"]}]},{\"@type\":\"BreadcrumbList\",\"@id\":\"https:\\\/\\\/asimmetrie.org\\\/en\\\/interventi\\\/op-ed\\\/ma-in-italia-la-ripresa-non-ce-ancora\\\/#breadcrumb\",\"itemListElement\":[{\"@type\":\"ListItem\",\"position\":1,\"name\":\"Home\",\"item\":\"https:\\\/\\\/asimmetrie.org\\\/en\\\/\"},{\"@type\":\"ListItem\",\"position\":2,\"name\":\"Ma in Italia la ripresa non c&#8217;\u00e8 ancora\"}]},{\"@type\":\"WebSite\",\"@id\":\"https:\\\/\\\/asimmetrie.org\\\/en\\\/#website\",\"url\":\"https:\\\/\\\/asimmetrie.org\\\/en\\\/\",\"name\":\"a\\\/simmetrie\",\"description\":\"Sito dell\u2019associazione di promozione sociale a\\\/simmetrie, think tank economico e politico.\",\"publisher\":{\"@id\":\"https:\\\/\\\/asimmetrie.org\\\/en\\\/#organization\"},\"potentialAction\":[{\"@type\":\"SearchAction\",\"target\":{\"@type\":\"EntryPoint\",\"urlTemplate\":\"https:\\\/\\\/asimmetrie.org\\\/en\\\/?s={search_term_string}\"},\"query-input\":{\"@type\":\"PropertyValueSpecification\",\"valueRequired\":true,\"valueName\":\"search_term_string\"}}],\"inLanguage\":\"en-US\"},{\"@type\":\"Organization\",\"@id\":\"https:\\\/\\\/asimmetrie.org\\\/en\\\/#organization\",\"name\":\"a\\\/simmetrie\",\"url\":\"https:\\\/\\\/asimmetrie.org\\\/en\\\/\",\"logo\":{\"@type\":\"ImageObject\",\"inLanguage\":\"en-US\",\"@id\":\"https:\\\/\\\/asimmetrie.org\\\/en\\\/#\\\/schema\\\/logo\\\/image\\\/\",\"url\":\"https:\\\/\\\/mk0asimmetrieaf22hhp.kinstacdn.com\\\/wp-content\\\/uploads\\\/2021\\\/05\\\/post-social-1.png\",\"contentUrl\":\"https:\\\/\\\/mk0asimmetrieaf22hhp.kinstacdn.com\\\/wp-content\\\/uploads\\\/2021\\\/05\\\/post-social-1.png\",\"width\":1200,\"height\":630,\"caption\":\"a\\\/simmetrie\"},\"image\":{\"@id\":\"https:\\\/\\\/asimmetrie.org\\\/en\\\/#\\\/schema\\\/logo\\\/image\\\/\"},\"sameAs\":[\"https:\\\/\\\/www.facebook.com\\\/asimmetrie.org\",\"https:\\\/\\\/x.com\\\/AsimmetrieOrg\",\"https:\\\/\\\/www.youtube.com\\\/user\\\/asimmetrie\"]},{\"@type\":\"Person\",\"@id\":\"https:\\\/\\\/asimmetrie.org\\\/en\\\/#\\\/schema\\\/person\\\/3d35cd733decaeb4b7cd17a01535ae64\",\"name\":\"asimmetrie\",\"image\":{\"@type\":\"ImageObject\",\"inLanguage\":\"en-US\",\"@id\":\"https:\\\/\\\/secure.gravatar.com\\\/avatar\\\/e47973adf0a82aa374d77cae0277dbd02da02e07f361dea2d8c79ff949beb0ff?s=96&d=mm&r=g\",\"url\":\"https:\\\/\\\/secure.gravatar.com\\\/avatar\\\/e47973adf0a82aa374d77cae0277dbd02da02e07f361dea2d8c79ff949beb0ff?s=96&d=mm&r=g\",\"contentUrl\":\"https:\\\/\\\/secure.gravatar.com\\\/avatar\\\/e47973adf0a82aa374d77cae0277dbd02da02e07f361dea2d8c79ff949beb0ff?s=96&d=mm&r=g\",\"caption\":\"asimmetrie\"},\"sameAs\":[\"https:\\\/\\\/asimmetrie.org\"],\"url\":\"https:\\\/\\\/asimmetrie.org\\\/en\\\/interventi\\\/author\\\/asimmetrie\\\/\"}]}<\/script>\n<!-- \/ Yoast SEO plugin. -->","yoast_head_json":{"title":"Ma in Italia la ripresa non c'\u00e8 ancora &#8211; a\/simmetrie","robots":{"index":"index","follow":"follow","max-snippet":"max-snippet:-1","max-image-preview":"max-image-preview:large","max-video-preview":"max-video-preview:-1"},"canonical":"https:\/\/asimmetrie.org\/en\/interventi\/op-ed\/ma-in-italia-la-ripresa-non-ce-ancora\/","og_locale":"en_US","og_type":"article","og_title":"Ma in Italia la ripresa non c'\u00e8 ancora &#8211; a\/simmetrie","og_url":"https:\/\/asimmetrie.org\/en\/interventi\/op-ed\/ma-in-italia-la-ripresa-non-ce-ancora\/","og_site_name":"a\/simmetrie","article_publisher":"https:\/\/www.facebook.com\/asimmetrie.org","article_published_time":"2017-02-27T09:55:35+00:00","article_modified_time":"2024-02-05T12:49:52+00:00","og_image":[{"width":1200,"height":630,"url":"https:\/\/asimmetrie.org\/wp-content\/uploads\/2021\/05\/post-social-1.png","type":"image\/png"}],"author":"asimmetrie","twitter_card":"summary_large_image","twitter_creator":"@AsimmetrieOrg","twitter_site":"@AsimmetrieOrg","twitter_misc":{"Written by":"asimmetrie","Est. reading time":"5 minutes"},"schema":{"@context":"https:\/\/schema.org","@graph":[{"@type":"Article","@id":"https:\/\/asimmetrie.org\/en\/interventi\/op-ed\/ma-in-italia-la-ripresa-non-ce-ancora\/#article","isPartOf":{"@id":"https:\/\/asimmetrie.org\/en\/interventi\/op-ed\/ma-in-italia-la-ripresa-non-ce-ancora\/"},"author":{"name":"asimmetrie","@id":"https:\/\/asimmetrie.org\/en\/#\/schema\/person\/3d35cd733decaeb4b7cd17a01535ae64"},"headline":"Ma in Italia la ripresa non c&#8217;\u00e8 ancora","datePublished":"2017-02-27T09:55:35+00:00","dateModified":"2024-02-05T12:49:52+00:00","mainEntityOfPage":{"@id":"https:\/\/asimmetrie.org\/en\/interventi\/op-ed\/ma-in-italia-la-ripresa-non-ce-ancora\/"},"wordCount":961,"commentCount":0,"publisher":{"@id":"https:\/\/asimmetrie.org\/en\/#organization"},"keywords":["BCE","Eurozona"],"articleSection":["Editoriali"],"inLanguage":"en-US","potentialAction":[{"@type":"CommentAction","name":"Comment","target":["https:\/\/asimmetrie.org\/en\/interventi\/op-ed\/ma-in-italia-la-ripresa-non-ce-ancora\/#respond"]}]},{"@type":"WebPage","@id":"https:\/\/asimmetrie.org\/en\/interventi\/op-ed\/ma-in-italia-la-ripresa-non-ce-ancora\/","url":"https:\/\/asimmetrie.org\/en\/interventi\/op-ed\/ma-in-italia-la-ripresa-non-ce-ancora\/","name":"Ma in Italia la ripresa non c'\u00e8 ancora &#8211; a\/simmetrie","isPartOf":{"@id":"https:\/\/asimmetrie.org\/en\/#website"},"datePublished":"2017-02-27T09:55:35+00:00","dateModified":"2024-02-05T12:49:52+00:00","breadcrumb":{"@id":"https:\/\/asimmetrie.org\/en\/interventi\/op-ed\/ma-in-italia-la-ripresa-non-ce-ancora\/#breadcrumb"},"inLanguage":"en-US","potentialAction":[{"@type":"ReadAction","target":["https:\/\/asimmetrie.org\/en\/interventi\/op-ed\/ma-in-italia-la-ripresa-non-ce-ancora\/"]}]},{"@type":"BreadcrumbList","@id":"https:\/\/asimmetrie.org\/en\/interventi\/op-ed\/ma-in-italia-la-ripresa-non-ce-ancora\/#breadcrumb","itemListElement":[{"@type":"ListItem","position":1,"name":"Home","item":"https:\/\/asimmetrie.org\/en\/"},{"@type":"ListItem","position":2,"name":"Ma in Italia la ripresa non c&#8217;\u00e8 ancora"}]},{"@type":"WebSite","@id":"https:\/\/asimmetrie.org\/en\/#website","url":"https:\/\/asimmetrie.org\/en\/","name":"a\/simmetrie","description":"Sito dell\u2019associazione di promozione sociale a\/simmetrie, think tank economico e politico.","publisher":{"@id":"https:\/\/asimmetrie.org\/en\/#organization"},"potentialAction":[{"@type":"SearchAction","target":{"@type":"EntryPoint","urlTemplate":"https:\/\/asimmetrie.org\/en\/?s={search_term_string}"},"query-input":{"@type":"PropertyValueSpecification","valueRequired":true,"valueName":"search_term_string"}}],"inLanguage":"en-US"},{"@type":"Organization","@id":"https:\/\/asimmetrie.org\/en\/#organization","name":"a\/simmetrie","url":"https:\/\/asimmetrie.org\/en\/","logo":{"@type":"ImageObject","inLanguage":"en-US","@id":"https:\/\/asimmetrie.org\/en\/#\/schema\/logo\/image\/","url":"https:\/\/mk0asimmetrieaf22hhp.kinstacdn.com\/wp-content\/uploads\/2021\/05\/post-social-1.png","contentUrl":"https:\/\/mk0asimmetrieaf22hhp.kinstacdn.com\/wp-content\/uploads\/2021\/05\/post-social-1.png","width":1200,"height":630,"caption":"a\/simmetrie"},"image":{"@id":"https:\/\/asimmetrie.org\/en\/#\/schema\/logo\/image\/"},"sameAs":["https:\/\/www.facebook.com\/asimmetrie.org","https:\/\/x.com\/AsimmetrieOrg","https:\/\/www.youtube.com\/user\/asimmetrie"]},{"@type":"Person","@id":"https:\/\/asimmetrie.org\/en\/#\/schema\/person\/3d35cd733decaeb4b7cd17a01535ae64","name":"asimmetrie","image":{"@type":"ImageObject","inLanguage":"en-US","@id":"https:\/\/secure.gravatar.com\/avatar\/e47973adf0a82aa374d77cae0277dbd02da02e07f361dea2d8c79ff949beb0ff?s=96&d=mm&r=g","url":"https:\/\/secure.gravatar.com\/avatar\/e47973adf0a82aa374d77cae0277dbd02da02e07f361dea2d8c79ff949beb0ff?s=96&d=mm&r=g","contentUrl":"https:\/\/secure.gravatar.com\/avatar\/e47973adf0a82aa374d77cae0277dbd02da02e07f361dea2d8c79ff949beb0ff?s=96&d=mm&r=g","caption":"asimmetrie"},"sameAs":["https:\/\/asimmetrie.org"],"url":"https:\/\/asimmetrie.org\/en\/interventi\/author\/asimmetrie\/"}]}},"_links":{"self":[{"href":"https:\/\/asimmetrie.org\/en\/wp-json\/wp\/v2\/posts\/3128","targetHints":{"allow":["GET"]}}],"collection":[{"href":"https:\/\/asimmetrie.org\/en\/wp-json\/wp\/v2\/posts"}],"about":[{"href":"https:\/\/asimmetrie.org\/en\/wp-json\/wp\/v2\/types\/post"}],"author":[{"embeddable":true,"href":"https:\/\/asimmetrie.org\/en\/wp-json\/wp\/v2\/users\/1"}],"replies":[{"embeddable":true,"href":"https:\/\/asimmetrie.org\/en\/wp-json\/wp\/v2\/comments?post=3128"}],"version-history":[{"count":3,"href":"https:\/\/asimmetrie.org\/en\/wp-json\/wp\/v2\/posts\/3128\/revisions"}],"predecessor-version":[{"id":9304,"href":"https:\/\/asimmetrie.org\/en\/wp-json\/wp\/v2\/posts\/3128\/revisions\/9304"}],"wp:attachment":[{"href":"https:\/\/asimmetrie.org\/en\/wp-json\/wp\/v2\/media?parent=3128"}],"wp:term":[{"taxonomy":"category","embeddable":true,"href":"https:\/\/asimmetrie.org\/en\/wp-json\/wp\/v2\/categories?post=3128"},{"taxonomy":"post_tag","embeddable":true,"href":"https:\/\/asimmetrie.org\/en\/wp-json\/wp\/v2\/tags?post=3128"},{"taxonomy":"topic","embeddable":true,"href":"https:\/\/asimmetrie.org\/en\/wp-json\/wp\/v2\/topic?post=3128"},{"taxonomy":"expert","embeddable":true,"href":"https:\/\/asimmetrie.org\/en\/wp-json\/wp\/v2\/expert?post=3128"}],"curies":[{"name":"wp","href":"https:\/\/api.w.org\/{rel}","templated":true}]}}